{"id":24025,"date":"2019-09-19T12:15:36","date_gmt":"2019-09-19T10:15:36","guid":{"rendered":"https:\/\/www.monkitsolaire.fr\/blog\/zoom-sur-les-consommations-de-bruit-de-fond\/"},"modified":"2026-08-17T10:45:09","modified_gmt":"2026-08-17T08:45:09","slug":"zoom-sur-les-consommations-de-bruit-de-fond","status":"publish","type":"post","link":"https:\/\/www.monkitsolaire.fr\/blog\/zoom-sur-les-consommations-de-bruit-de-fond-n154","title":{"rendered":"Consommation des appareils en veille : combien \u00e7a vous co\u00fbte vraiment ?"},"content":{"rendered":"<div id=\"bsf_rt_marker\"><\/div>\n<p>Votre t\u00e9l\u00e9vision est \u00e9teinte. Votre ordinateur aussi. La box clignote dans un coin depuis des heures. Et pourtant, entre 180 et 250 \u20ac partent chaque ann\u00e9e de votre facture sans que vous ayez allum\u00e9 quoi que ce soit.<\/p>\n\n\n\n<p>Ce sont vos appareils en veille. Une fuite silencieuse, permanente, que la plupart des foyers ne voient jamais venir. L&rsquo;ADEME estime que cette consommation cach\u00e9e repr\u00e9sente&nbsp;<strong>11 \u00e0 15 % de la facture \u00e9lectrique annuelle<\/strong>&nbsp;d&rsquo;un m\u00e9nage fran\u00e7ais.<\/p>\n\n\n\n<p>Dans ce guide, on fait le tour complet : les chiffres par appareil, la m\u00e9thode pour calculer votre propre d\u00e9pense, les gestes concrets pour la r\u00e9duire, et une solution que beaucoup n&rsquo;ont pas encore envisag\u00e9e.<\/p>\n\n\n\n<blockquote class=\"wp-block-quote\">\n<p><strong>\ud83d\udccc Ce qu&rsquo;il faut retenir<\/strong><\/p>\n\n\n\n<ul>\n<li>La consommation en veille co\u00fbte entre&nbsp;<strong>180 et 250 \u20ac par an<\/strong>&nbsp;\u00e0 un foyer fran\u00e7ais moyen, soit 11 \u00e0 15 % de la facture annuelle<\/li>\n\n\n\n<li>Entre&nbsp;<strong>15 et 20 appareils<\/strong>&nbsp;restent en veille permanente dans un logement, bien au-del\u00e0 de ce que la plupart des m\u00e9nages imaginent<\/li>\n\n\n\n<li>L&rsquo;ordinateur fixe est le plus gourmand : jusqu&rsquo;\u00e0&nbsp;<strong>50 \u20ac\/an<\/strong>, suivi du s\u00e8che-linge (25 \u20ac) et du four (22 \u20ac)<\/li>\n\n\n\n<li>Depuis mai 2025, la norme europ\u00e9enne limite la veille \u00e0&nbsp;<strong>0,5 W<\/strong>&nbsp;par appareil, mais uniquement pour les \u00e9quipements neufs<\/li>\n\n\n\n<li>Des gestes simples (multiprise \u00e0 interrupteur, prise connect\u00e9e, extinction nocturne de la box) r\u00e9duisent ces d\u00e9penses imm\u00e9diatement<\/li>\n\n\n\n<li>Un&nbsp;<a href=\"https:\/\/www.monkitsolaire.fr\/192-kit-solaire-batterie-autoconsommation\" target=\"_blank\" rel=\"noreferrer noopener\">kit solaire avec batterie<\/a>&nbsp;peut effacer ces d\u00e9penses nocturnes en stockant l&rsquo;\u00e9nergie produite en journ\u00e9e<\/li>\n<\/ul>\n<\/blockquote>\n\n\n\n<h2 class=\"wp-block-heading\"><span class=\"ez-toc-section\" id=\"Quest-ce_que_la_consommation_en_veille_concretement\"><\/span>Qu&rsquo;est-ce que la consommation en veille, concr\u00e8tement ?<span class=\"ez-toc-section-end\"><\/span><\/h2>\n\n\n\n<p>Le mode veille, c&rsquo;est un \u00e9tat interm\u00e9diaire entre le fonctionnement et l&rsquo;extinction totale. L&rsquo;appareil ne remplit plus ses fonctions principales, mais&nbsp;<strong>un courant r\u00e9siduel continue de circuler dans son transformateur<\/strong>. Ce courant maintient la possibilit\u00e9 d&rsquo;un red\u00e9marrage rapide : c&rsquo;est pour cela que votre t\u00e9l\u00e9viseur s&rsquo;allume en une seconde sur simple pression de la t\u00e9l\u00e9commande.<\/p>\n\n\n\n<p>On parle aussi de&nbsp;<strong>consommation fant\u00f4me<\/strong>, de&nbsp;<strong>veille parasitaire<\/strong>&nbsp;ou de&nbsp;<strong>charges fant\u00f4mes<\/strong>. Le m\u00e9canisme est toujours le m\u00eame : tant que l&rsquo;appareil reste branch\u00e9, il consomme, m\u00eame \u00ab\u00a0\u00e9teint\u00a0\u00bb.<\/p>\n\n\n\n<p>Un appareil vraiment \u00e9teint est coup\u00e9 de sa source \u00e9lectrique. Soit il est d\u00e9branch\u00e9, soit une multiprise \u00e0 interrupteur coupe le courant en amont du transformateur. En mode veille, ce courant r\u00e9siduel passe en continu, 24 heures sur 24, 365 jours par an.<\/p>\n\n\n\n<p>Depuis mai 2025, la Commission Europ\u00e9enne impose une limite de&nbsp;<strong>0,5 W en veille<\/strong>&nbsp;pour la majorit\u00e9 des appareils vendus dans l&rsquo;Union (0,8 W si un affichage reste actif). Attention : cette norme ne concerne que les \u00e9quipements neufs. Vos appareils plus anciens peuvent consommer bien davantage.<\/p>\n\n\n\n<div class=\"wp-block-uagb-container div_conseil uagb-block-f50e0558 alignwide uagb-is-root-container\">\n<p class=\"title_conseil has-white-color has-text-color\" style=\"font-size:23px\"><strong><img decoding=\"async\" loading=\"lazy\" width=\"35\" height=\"36\" class=\"wp-image-22793\" style=\"width: 35px;\" src=\"https:\/\/www.monkitsolaire.fr\/blog\/wp-content\/uploads\/2023\/04\/Group-1917.svg\" alt=\"\">  <\/strong>\u00c0 NOTER<\/p>\n\n\n\n<p class=\"text_conseil has-white-color has-text-color\">Les appareils connect\u00e9s en Wi-Fi ou Bluetooth, box internet, enceinte vocale, aspirateur robot, ne sont techniquement jamais en veille. Ils restent actifs en permanence pour maintenir un r\u00e9seau, recevoir des mises \u00e0 jour ou capter un signal. Leur consommation est continue et souvent plus \u00e9lev\u00e9e qu&rsquo;une simple veille classique.<\/p>\n<\/div>\n\n\n\n<h2 class=\"wp-block-heading\"><span class=\"ez-toc-section\" id=\"Combien_coutent_vos_appareils_en_veille_le_tableau_complet\"><\/span>Combien co\u00fbtent vos appareils en veille : le tableau complet<span class=\"ez-toc-section-end\"><\/span><\/h2>\n\n\n\n<p>Selon l&rsquo;ADEME, entre 15 et 20 appareils restent en veille permanente dans un foyer fran\u00e7ais moyen. Mis bout \u00e0 bout, ces consommations fant\u00f4mes p\u00e8sent lourd sur la facture.<\/p>\n\n\n\n<p>Voici le d\u00e9tail des appareils les plus couramment laiss\u00e9s en veille, avec leur consommation annuelle et leur co\u00fbt calcul\u00e9 sur la base du&nbsp;<strong>prix moyen du kWh en France en 2025<\/strong>&nbsp;(0,2516 \u20ac\/kWh, tarif r\u00e9glement\u00e9 au 1er f\u00e9vrier 2025) :<\/p>\n\n\n\n<figure class=\"wp-block-table\"><table><thead><tr><th><strong>Appareil<\/strong><\/th><th><strong>Consommation annuelle en veille<\/strong><\/th><th><strong>Co\u00fbt annuel<\/strong><\/th><\/tr><\/thead><tbody><tr><td>Ordinateur fixe (unit\u00e9 centrale + \u00e9cran + p\u00e9riph\u00e9riques)<\/td><td>200 kWh<\/td><td>50,32 \u20ac<\/td><\/tr><tr><td>S\u00e8che-linge<\/td><td>100 kWh<\/td><td>25,16 \u20ac<\/td><\/tr><tr><td>Four<\/td><td>86 kWh<\/td><td>21,64 \u20ac<\/td><\/tr><tr><td>T\u00e9l\u00e9vision<\/td><td>80 kWh<\/td><td>20,13 \u20ac<\/td><\/tr><tr><td>Box internet<\/td><td>62 kWh<\/td><td>15,60 \u20ac<\/td><\/tr><tr><td>Lecteur DVD \/ Blu-ray<\/td><td>60 kWh<\/td><td>15,10 \u20ac<\/td><\/tr><tr><td>D\u00e9modulateur satellite<\/td><td>59 kWh<\/td><td>14,84 \u20ac<\/td><\/tr><tr><td>Lave-linge<\/td><td>52 kWh<\/td><td>13,08 \u20ac<\/td><\/tr><tr><td>Console de jeux<\/td><td>42 kWh<\/td><td>10,57 \u20ac<\/td><\/tr><tr><td>Ordinateur portable<\/td><td>40 kWh<\/td><td>10,06 \u20ac<\/td><\/tr><tr><td>Lampe halog\u00e8ne \u00e0 variateur<\/td><td>27 kWh<\/td><td>6,79 \u20ac<\/td><\/tr><tr><td>Four \u00e0 micro-ondes<\/td><td>26 kWh<\/td><td>6,54 \u20ac<\/td><\/tr><tr><td>Cafeti\u00e8re<\/td><td>17 kWh<\/td><td>4,28 \u20ac<\/td><\/tr><tr><td>Lave-vaisselle<\/td><td>16 kWh<\/td><td>4,03 \u20ac<\/td><\/tr><tr><td>Radio-r\u00e9veil<\/td><td>10 kWh<\/td><td>2,52 \u20ac<\/td><\/tr><tr><td><strong>TOTAL<\/strong><\/td><td><strong>877 kWh<\/strong><\/td><td><strong>220,66 \u20ac<\/strong><\/td><\/tr><\/tbody><\/table><\/figure>\n\n\n\n<p><strong>Plus de 220 \u20ac par an<\/strong>, rien qu&rsquo;avec ces 15 appareils \u00ab\u00a0classiques\u00a0\u00bb. Et ce total n&rsquo;int\u00e8gre pas les \u00e9quipements connect\u00e9s de derni\u00e8re g\u00e9n\u00e9ration : enceinte vocale, aspirateur robot sur sa base de recharge, airfryer, cave \u00e0 vin connect\u00e9e. Ajoutez-les et vous d\u00e9passez facilement les 250 \u20ac annuels.<\/p>\n\n\n\n<p>Ces d\u00e9penses repr\u00e9sentent entre 11 et 15 % de votre facture annuelle d&rsquo;\u00e9lectricit\u00e9. Un poste invisible, mais bien r\u00e9el.<\/p>\n\n\n\n<h3 class=\"wp-block-heading\">Le Top 5 des appareils en veille qui vous co\u00fbtent le plus cher<\/h3>\n\n\n\n<p>Voici les cinq plus gros consommateurs en veille dans un foyer fran\u00e7ais :<\/p>\n\n\n\n<p><strong>L&rsquo;ordinateur fixe : 50 \u20ac\/an.<\/strong>\u00a0Unit\u00e9 centrale, \u00e9cran, enceintes, imprimante : chaque composant cumule son propre courant r\u00e9siduel. Avec les disques SSD, le d\u00e9marrage prend quelques secondes au maximum. Le laisser en veille toute la nuit ne se justifie plus.<\/p>\n\n\n\n<p><strong>Le s\u00e8che-linge : 25 \u20ac\/an.<\/strong>\u00a0Peu de gens pensent \u00e0 couper son alimentation entre deux utilisations. Il consomme pourtant en continu.<\/p>\n\n\n\n<p><strong>Le four : 22 \u20ac\/an.<\/strong>\u00a0L&rsquo;horloge et les fonctions de programmation restent aliment\u00e9es m\u00eame quand le four n&rsquo;est pas utilis\u00e9.<\/p>\n\n\n\n<p><strong>La t\u00e9l\u00e9vision : 20 \u20ac\/an.<\/strong>\u00a0L&rsquo;appareil le plus couramment laiss\u00e9 en veille. Les t\u00e9l\u00e9viseurs r\u00e9cents sont rarement \u00e9quip\u00e9s d&rsquo;un vrai bouton d&rsquo;extinction compl\u00e8te.<\/p>\n\n\n\n<p><strong>La box internet : 16 \u20ac\/an.<\/strong>\u00a0La box n&rsquo;est jamais en veille au sens strict. Elle consomme en continu entre 5 et 15 W selon les mod\u00e8les. L&rsquo;\u00e9teindre la nuit est l&rsquo;un des gestes les plus rentables.<\/p>\n\n\n\n<p>Ces cinq postes totalisent&nbsp;<strong>plus de 130 \u20ac par an<\/strong>&nbsp;\u00e0 eux seuls.<\/p>\n\n\n<div class=\"wp-block-image\">\n<figure class=\"aligncenter size-large\"><img decoding=\"async\" loading=\"lazy\" width=\"1024\" height=\"379\" src=\"https:\/\/www.monkitsolaire.fr\/blog\/wp-content\/uploads\/2023\/05\/autoconsommation-bruit-de-fond-1024x379.jpg\" alt=\"consommation bruits fond introduction\" class=\"wp-image-26578\" srcset=\"https:\/\/www.monkitsolaire.fr\/blog\/wp-content\/uploads\/2023\/05\/autoconsommation-bruit-de-fond-1024x379.jpg 1024w, https:\/\/www.monkitsolaire.fr\/blog\/wp-content\/uploads\/2023\/05\/autoconsommation-bruit-de-fond-300x111.jpg 300w, https:\/\/www.monkitsolaire.fr\/blog\/wp-content\/uploads\/2023\/05\/autoconsommation-bruit-de-fond-768x284.jpg 768w, https:\/\/www.monkitsolaire.fr\/blog\/wp-content\/uploads\/2023\/05\/autoconsommation-bruit-de-fond.jpg 1080w\" sizes=\"(max-width: 1024px) 100vw, 1024px\" \/><\/figure><\/div>\n\n\n<h2 class=\"wp-block-heading\"><span class=\"ez-toc-section\" id=\"Comment_calculer_precisement_la_consommation_en_veille_de_VOS_appareils\"><\/span>Comment calculer pr\u00e9cis\u00e9ment la consommation en veille de VOS appareils<span class=\"ez-toc-section-end\"><\/span><\/h2>\n\n\n\n<p>Les chiffres du tableau sont des moyennes. Pour conna\u00eetre votre situation r\u00e9elle, trois m\u00e9thodes s&rsquo;offrent \u00e0 vous.<\/p>\n\n\n\n<h3 class=\"wp-block-heading\">M\u00e9thode 1 : la formule de calcul<\/h3>\n\n\n\n<p><strong>Watts en veille \u00d7 heures de veille par jour \u00d7 365 \u00f7 1 000 = kWh par an.<\/strong><\/p>\n\n\n\n<p>Multipliez ensuite par 0,2516 pour obtenir le co\u00fbt annuel en euros.<\/p>\n\n\n\n<p>Exemple avec un t\u00e9l\u00e9viseur : 15 W \u00d7 20 heures \u00d7 365 \u00f7 1 000 = 109,5 kWh, soit 109,5 \u00d7 0,2516 = environ&nbsp;<strong>27,55 \u20ac par an<\/strong>.<\/p>\n\n\n\n<h3 class=\"wp-block-heading\">M\u00e9thode 2 : le wattm\u00e8tre<\/h3>\n\n\n\n<p>Un wattm\u00e8tre est un petit bo\u00eetier que vous branchez entre la prise murale et votre appareil. Il affiche la puissance r\u00e9elle consomm\u00e9e en temps r\u00e9el. Comptez&nbsp;<strong>15 \u00e0 25 \u20ac<\/strong>&nbsp;pour un mod\u00e8le correct.<\/p>\n\n\n\n<p>Vous pouvez aussi le brancher sur une multiprise enti\u00e8re pour mesurer plusieurs appareils d&rsquo;un coup. En quelques heures, vous avez vos chiffres r\u00e9els.<\/p>\n\n\n\n<h3 class=\"wp-block-heading\">M\u00e9thode 3 : le compteur Linky<\/h3>\n\n\n\n<p>Cr\u00e9ez un compte sur le site Enedis, activez le suivi de consommation horaire et regardez votre courbe \u00e0&nbsp;<strong>3h du matin<\/strong>. Ce niveau correspond au plancher de consommation de votre logement : vos appareils en veille et vos \u00e9quipements actifs en permanence.<\/p>\n\n\n\n<p>Si ce plancher ne descend jamais en dessous de 200 \u00e0 400 W, vos veilles sont anormalement \u00e9lev\u00e9es. Ce chiffre d\u00e9pend aussi de la&nbsp;<a href=\"https:\/\/www.monkitsolaire.fr\/blog\/puissance-max-en-monophase\" target=\"_blank\" rel=\"noreferrer noopener\">puissance disponible dans votre logement<\/a>&nbsp;et de votre type de compteur.<\/p>\n\n\n\n<h2 class=\"wp-block-heading\"><span class=\"ez-toc-section\" id=\"Comment_reduire_la_consommation_de_vos_appareils_en_veille\"><\/span>Comment r\u00e9duire la consommation de vos appareils en veille<span class=\"ez-toc-section-end\"><\/span><\/h2>\n\n\n\n<p>Voici les gestes qui fonctionnent vraiment, du plus simple au plus avanc\u00e9.<\/p>\n\n\n\n<h3 class=\"wp-block-heading\">La multiprise \u00e0 interrupteur<\/h3>\n\n\n\n<p>Branchez votre t\u00e9l\u00e9vision, votre d\u00e9codeur, votre lecteur Blu-ray et votre console sur une m\u00eame multiprise avec interrupteur. Un seul geste le soir coupe l&rsquo;alimentation de quatre appareils.<\/p>\n\n\n\n<ul>\n<li>Investissement : moins de 10 \u20ac<\/li>\n\n\n\n<li>\u00c9conomie potentielle : jusqu&rsquo;\u00e0 60 \u20ac par an sur un poste multim\u00e9dia complet<\/li>\n<\/ul>\n\n\n\n<h3 class=\"wp-block-heading\">D\u00e9brancher les chargeurs inutilis\u00e9s<\/h3>\n\n\n\n<p>Un chargeur de t\u00e9l\u00e9phone laiss\u00e9 dans la prise sans appareil branch\u00e9 consomme entre 0,1 et 2 W en continu. Multipli\u00e9 par le nombre de chargeurs oubli\u00e9s dans votre maison (t\u00e9l\u00e9phone, tablette, montre connect\u00e9e, \u00e9couteurs), le total monte vite. Geste gratuit, \u00e9conomie imm\u00e9diate.<\/p>\n\n\n\n<h3 class=\"wp-block-heading\">La prise connect\u00e9e ou multiprise intelligente<\/h3>\n\n\n\n<p>Elle programme des coupures automatiques la nuit ou pendant vos absences, et vous permet de suivre la consommation r\u00e9elle de chaque poste. Comptez&nbsp;<strong>15 \u00e0 40 \u20ac par prise<\/strong>, rentabilis\u00e9s en quelques mois.<\/p>\n\n\n\n<p>Pour aller plus loin dans l&rsquo;\u00e9quipement de votre maison, d\u00e9couvrez notre s\u00e9lection de&nbsp;<a href=\"https:\/\/www.monkitsolaire.fr\/5-materiel-solaire\" target=\"_blank\" rel=\"noreferrer noopener\">mat\u00e9riel solaire<\/a>&nbsp;et accessoires.<\/p>\n\n\n\n<h3 class=\"wp-block-heading\">\u00c9teindre compl\u00e8tement l&rsquo;ordinateur fixe<\/h3>\n\n\n\n<p>Les ordinateurs \u00e9quip\u00e9s de SSD d\u00e9marrent en quelques secondes. La veille ne vous fait plus gagner de temps. Elle vous co\u00fbte&nbsp;<strong>50 \u20ac par an<\/strong>.<\/p>\n\n\n\n<h3 class=\"wp-block-heading\">\u00c9teindre la box internet la nuit<\/h3>\n\n\n\n<p>La box consomme entre 5 et 15 W en permanence, m\u00eame quand personne n&rsquo;utilise Internet. L&rsquo;\u00e9teindre 8 heures par nuit repr\u00e9sente une \u00e9conomie de&nbsp;<strong>4 \u00e0 6 \u20ac par an et par box<\/strong>. Avec une box TV en plus, doublez le chiffre.<\/p>\n\n\n\n<h3 class=\"wp-block-heading\">V\u00e9rifier l&rsquo;\u00e9tiquette \u00e9nergie avant d&rsquo;acheter<\/h3>\n\n\n\n<p>Avant tout nouvel achat, consultez la fiche technique. La consommation en veille y est indiqu\u00e9e. Un four en classe A consomme bien moins en veille qu&rsquo;un mod\u00e8le ancien sans \u00e9tiquette.<\/p>\n\n\n\n<h2 class=\"wp-block-heading\"><span class=\"ez-toc-section\" id=\"Et_si_vous_ne_payiez_plus_jamais_ces_depenses\"><\/span>Et si vous ne payiez plus jamais ces d\u00e9penses ?<span class=\"ez-toc-section-end\"><\/span><\/h2>\n\n\n\n<p>Vos appareils en veille consomment de jour comme de nuit. C&rsquo;est justement la nuit que la facture p\u00e8se le plus : pendant que vous dormez, la quasi-totalit\u00e9 de vos \u00e9quipements restent branch\u00e9s en veille.<\/p>\n\n\n\n<p>C&rsquo;est pr\u00e9cis\u00e9ment ce cr\u00e9neau nocturne qu&rsquo;une batterie solaire couvre.<\/p>\n\n\n\n<p>En journ\u00e9e, vos&nbsp;<a href=\"https:\/\/www.monkitsolaire.fr\/27-kit-solaire-autoconsommation\" target=\"_blank\" rel=\"noreferrer noopener\">panneaux solaires en autoconsommation<\/a>, qu&rsquo;ils soient classiques ou&nbsp;<a href=\"https:\/\/www.monkitsolaire.fr\/blog\/panneaux-solaires-plug-and-play\" target=\"_blank\" rel=\"noreferrer noopener\">panneaux solaires plug and play<\/a>, produisent de l&rsquo;\u00e9lectricit\u00e9. Une partie alimente vos appareils actifs. Le surplus va dans la batterie. La nuit, cette \u00e9nergie stock\u00e9e prend le relais et alimente automatiquement tous vos appareils en veille, sans intervention de votre part.<\/p>\n\n\n\n<p>Pour savoir quelle capacit\u00e9 correspond \u00e0 votre foyer, consultez notre guide pour&nbsp;<a href=\"https:\/\/www.monkitsolaire.fr\/blog\/batterie-solaire-comment-bien-dimensionner-son-installation\" target=\"_blank\" rel=\"noreferrer noopener\">bien dimensionner votre batterie<\/a>.<\/p>\n\n\n\n<p>Concr\u00e8tement : ces&nbsp;<strong>220 \u20ac de consommation fant\u00f4me annuelle<\/strong>&nbsp;peuvent tomber \u00e0 z\u00e9ro. Pas parce que vous avez d\u00e9branch\u00e9 chaque appareil un par un, mais parce que l&rsquo;\u00e9nergie qui les alimente est produite chez vous.<\/p>\n\n\n\n<p>Un kit solaire avec batterie ne couvre pas seulement les veilles. Il r\u00e9duit l&rsquo;ensemble de votre facture. Les veilles nocturnes sont le b\u00e9n\u00e9fice le plus imm\u00e9diat et le plus mesurable. D\u00e8s la premi\u00e8re ann\u00e9e, la diff\u00e9rence appara\u00eet sur votre plancher de consommation Linky.<\/p>\n\n\n\n<blockquote class=\"wp-block-quote\">\n<p><strong>220 \u20ac de d\u00e9penses fant\u00f4mes par an. Un kit solaire avec batterie peut les effacer. Bilan de production offert chaque ann\u00e9e chez Mon Kit Solaire.<\/strong><\/p>\n<\/blockquote>\n\n\n\n<p>Vous souhaitez savoir quel kit correspond \u00e0 votre installation ?&nbsp;<a href=\"https:\/\/www.monkitsolaire.fr\/192-kit-solaire-batterie-autoconsommation\" target=\"_blank\" rel=\"noreferrer noopener\">D\u00e9couvrez nos kits solaires avec batterie<\/a>.<\/p>\n\n\n\n\t\t<div data-elementor-type=\"section\" data-elementor-id=\"22775\" class=\"elementor elementor-22775\">\n\t\t\t\t\t\t\t\t<section class=\"elementor-section elementor-top-section elementor-element elementor-element-99a75c1 elementor-section-boxed elementor-section-height-default elementor-section-height-default\" data-id=\"99a75c1\" data-element_type=\"section\" data-settings=\"{&quot;background_background&quot;:&quot;classic&quot;}\">\n\t\t\t\t\t\t<div class=\"elementor-container elementor-column-gap-default\">\n\t\t\t\t\t<div class=\"elementor-column elementor-col-100 elementor-top-column elementor-element elementor-element-6f97b52\" data-id=\"6f97b52\" data-element_type=\"column\" data-settings=\"{&quot;background_background&quot;:&quot;classic&quot;}\">\n\t\t\t<div class=\"elementor-widget-wrap elementor-element-populated\">\n\t\t\t\t\t\t\t\t<div class=\"elementor-element elementor-element-ff89a97 elementor-widget__width-initial elementor-widget elementor-widget-heading\" data-id=\"ff89a97\" data-element_type=\"widget\" id=\"titre_contact_blog\" data-widget_type=\"heading.default\">\n\t\t\t\t<div class=\"elementor-widget-container\">\n\t\t\t<style>\/*! elementor - v3.7.8 - 02-10-2022 *\/\n.elementor-heading-title{padding:0;margin:0;line-height:1}.elementor-widget-heading .elementor-heading-title[class*=elementor-size-]>a{color:inherit;font-size:inherit;line-height:inherit}.elementor-widget-heading .elementor-heading-title.elementor-size-small{font-size:15px}.elementor-widget-heading .elementor-heading-title.elementor-size-medium{font-size:19px}.elementor-widget-heading .elementor-heading-title.elementor-size-large{font-size:29px}.elementor-widget-heading .elementor-heading-title.elementor-size-xl{font-size:39px}.elementor-widget-heading .elementor-heading-title.elementor-size-xxl{font-size:59px}<\/style><p class=\"elementor-heading-title elementor-size-default\">Besoin d\u2019aide pour finaliser votre projet solaire ?<\/p>\t\t<\/div>\n\t\t\t\t<\/div>\n\t\t\t\t<div class=\"elementor-element elementor-element-b5518e4 elementor-widget__width-initial elementor-widget elementor-widget-text-editor\" data-id=\"b5518e4\" data-element_type=\"widget\" data-widget_type=\"text-editor.default\">\n\t\t\t\t<div class=\"elementor-widget-container\">\n\t\t\t<style>\/*! elementor - v3.7.8 - 02-10-2022 *\/\n.elementor-widget-text-editor.elementor-drop-cap-view-stacked .elementor-drop-cap{background-color:#818a91;color:#fff}.elementor-widget-text-editor.elementor-drop-cap-view-framed .elementor-drop-cap{color:#818a91;border:3px solid;background-color:transparent}.elementor-widget-text-editor:not(.elementor-drop-cap-view-default) .elementor-drop-cap{margin-top:8px}.elementor-widget-text-editor:not(.elementor-drop-cap-view-default) .elementor-drop-cap-letter{width:1em;height:1em}.elementor-widget-text-editor .elementor-drop-cap{float:left;text-align:center;line-height:1;font-size:50px}.elementor-widget-text-editor .elementor-drop-cap-letter{display:inline-block}<\/style>\t\t\t\t<p><span style=\"white-space: pre-wrap;\">Appelez maintenant ou choisissez un cr\u00e9neau horaire pour parler de votre projet avec nos experts.<\/span><\/p>\t\t\t\t\t\t<\/div>\n\t\t\t\t<\/div>\n\t\t\t\t<section class=\"elementor-section elementor-inner-section elementor-element elementor-element-0cbc040 elementor-section-boxed elementor-section-height-default elementor-section-height-default\" data-id=\"0cbc040\" data-element_type=\"section\">\n\t\t\t\t\t\t<div class=\"elementor-container elementor-column-gap-default\">\n\t\t\t\t\t<div class=\"elementor-column elementor-col-50 elementor-inner-column elementor-element elementor-element-243b6f4\" data-id=\"243b6f4\" data-element_type=\"column\">\n\t\t\t<div class=\"elementor-widget-wrap elementor-element-populated\">\n\t\t\t\t\t\t\t\t<div class=\"elementor-element elementor-element-a27cbbd elementor-widget elementor-widget-button\" data-id=\"a27cbbd\" data-element_type=\"widget\" data-widget_type=\"button.default\">\n\t\t\t\t<div class=\"elementor-widget-container\">\n\t\t\t\t\t<div class=\"elementor-button-wrapper\">\n\t\t\t<a href=\"tel:0359897400\" class=\"elementor-button-link elementor-button elementor-size-sm\" role=\"button\">\n\t\t\t\t\t\t<span class=\"elementor-button-content-wrapper\">\n\t\t\t\t\t\t\t<span class=\"elementor-button-icon elementor-align-icon-left\">\n\t\t\t\t<i aria-hidden=\"true\" class=\"fas fa-phone-alt\"><\/i>\t\t\t<\/span>\n\t\t\t\t\t\t<span class=\"elementor-button-text\">03 59 89 74 00<\/span>\n\t\t<\/span>\n\t\t\t\t\t<\/a>\n\t\t<\/div>\n\t\t\t\t<\/div>\n\t\t\t\t<\/div>\n\t\t\t\t\t<\/div>\n\t\t<\/div>\n\t\t\t\t<div class=\"elementor-column elementor-col-50 elementor-inner-column elementor-element elementor-element-777f3ec\" data-id=\"777f3ec\" data-element_type=\"column\">\n\t\t\t<div class=\"elementor-widget-wrap elementor-element-populated\">\n\t\t\t\t\t\t\t\t<div class=\"elementor-element elementor-element-a17f7d7 btn-contact-calendly elementor-widget elementor-widget-button\" data-id=\"a17f7d7\" data-element_type=\"widget\" data-widget_type=\"button.default\">\n\t\t\t\t<div class=\"elementor-widget-container\">\n\t\t\t\t\t<div class=\"elementor-button-wrapper\">\n\t\t\t<a href=\"https:\/\/www.monkitsolaire.fr\/nous-contacter\/formulaire\" class=\"elementor-button-link elementor-button elementor-size-sm\" role=\"button\">\n\t\t\t\t\t\t<span class=\"elementor-button-content-wrapper\">\n\t\t\t\t\t\t\t<span class=\"elementor-button-icon elementor-align-icon-right\">\n\t\t\t\t<i aria-hidden=\"true\" class=\"fas fa-angle-right\"><\/i>\t\t\t<\/span>\n\t\t\t\t\t\t<span class=\"elementor-button-text\">Prendre rendez-vous<\/span>\n\t\t<\/span>\n\t\t\t\t\t<\/a>\n\t\t<\/div>\n\t\t\t\t<\/div>\n\t\t\t\t<\/div>\n\t\t\t\t\t<\/div>\n\t\t<\/div>\n\t\t\t\t\t\t\t<\/div>\n\t\t<\/section>\n\t\t\t\t<div class=\"elementor-element elementor-element-98e2423 elementor-widget elementor-widget-text-editor\" data-id=\"98e2423\" data-element_type=\"widget\" data-widget_type=\"text-editor.default\">\n\t\t\t\t<div class=\"elementor-widget-container\">\n\t\t\t\t\t\t\t<p><em><span style=\"white-space: pre-wrap;\">*Appel non surtax\u00e9 &#8211; Conseillers disponibles du lundi au vendredi de 8h \u00e0 19h<\/span><\/em><\/p>\t\t\t\t\t\t<\/div>\n\t\t\t\t<\/div>\n\t\t\t\t\t<\/div>\n\t\t<\/div>\n\t\t\t\t\t\t\t<\/div>\n\t\t<\/section>\n\t\t\t\t\t\t<\/div>\n\t\t\n\n\n\n<div class=\"wp-block-uagb-container uagb-block-b2981f2e alignwide uagb-is-root-container\">\n<h2 class=\"wp-block-heading\" style=\"text-transform:uppercase\"><span class=\"ez-toc-section\" id=\"FAQ_vos_questions_sur_la_consommation_en_veille\"><\/span>FAQ : vos questions sur la consommation en veille<span class=\"ez-toc-section-end\"><\/span><\/h2>\n\n\n<div class=\"wp-block-uagb-faq uagb-faq__outer-wrap uagb-block-318721be uagb-faq-icon-row-reverse uagb-faq-layout-accordion uagb-faq-expand-first-true uagb-faq-inactive-other-true uagb-faq__wrap uagb-buttons-layout-wrap uagb-faq-equal-height     question_faq\" data-faqtoggle=\"true\" role=\"tablist\"><script type=\"application\/ld+json\">{\"@context\":\"https:\\\/\\\/schema.org\",\"@type\":\"FAQPage\",\"@id\":\"https:\\\/\\\/www.monkitsolaire.fr\\\/blog\\\/zoom-sur-les-consommations-de-bruit-de-fond-n154\",\"mainEntity\":[{\"@type\":\"Question\",\"name\":\"Ma box internet consomme-t-elle vraiment en veille ?\",\"acceptedAnswer\":{\"@type\":\"Answer\",\"text\":\"La box n'est jamais en veille au sens strict. Elle reste active en permanence pour maintenir votre r\\u00e9seau Wi-Fi, recevoir des mises \\u00e0 jour et g\\u00e9rer le signal. Sa consommation r\\u00e9elle est de\\u00a0<strong>5 \\u00e0 15 W en continu<\\\/strong>, soit 15 \\u00e0 35 \\u20ac par an selon le mod\\u00e8le. L'\\u00e9teindre la nuit reste le geste le plus rentable pour r\\u00e9duire cette d\\u00e9pense.\"}},{\"@type\":\"Question\",\"name\":\"Faut-il d\\u00e9brancher son chargeur de t\\u00e9l\\u00e9phone quand l'appareil n'est pas connect\\u00e9 ?\",\"acceptedAnswer\":{\"@type\":\"Answer\",\"text\":\"Oui. M\\u00eame sans t\\u00e9l\\u00e9phone branch\\u00e9, un chargeur consomme entre 0,1 et 2 W. Multipli\\u00e9 par le nombre de chargeurs oubli\\u00e9s dans les prises de votre maison, cela repr\\u00e9sente quelques euros par an. Geste simple, imm\\u00e9diat, sans co\\u00fbt.\"}},{\"@type\":\"Question\",\"name\":\"Comment savoir si mes appareils en veille me co\\u00fbtent trop cher ?\",\"acceptedAnswer\":{\"@type\":\"Answer\",\"text\":\"Deux m\\u00e9thodes. Branchez un wattm\\u00e8tre sur chaque prise pour mesurer la consommation r\\u00e9elle, ou observez votre courbe Linky \\u00e0 3h du matin. Si elle ne descend jamais en dessous de\\u00a0<strong>200 \\u00e0 400 W<\\\/strong>, vos veilles sont anormalement \\u00e9lev\\u00e9es.\"}},{\"@type\":\"Question\",\"name\":\"Un kit solaire avec batterie peut-il couvrir mes appareils en veille la nuit ?\",\"acceptedAnswer\":{\"@type\":\"Answer\",\"text\":\"Oui. La\\u00a0<a href=\\\"https:\\\/\\\/www.monkitsolaire.fr\\\/212-batterie-solaire\\\" target=\\\"_blank\\\" rel=\\\"noreferrer noopener\\\">batterie solaire<\\\/a>\\u00a0stocke l'\\u00e9nergie produite par vos panneaux en journ\\u00e9e et l'injecte automatiquement pour alimenter vos consommations nocturnes, veilles comprises. Pour une installation sans travaux, une\\u00a0<a href=\\\"https:\\\/\\\/www.monkitsolaire.fr\\\/blog\\\/batterie-plug-and-play-solaire\\\" target=\\\"_blank\\\" rel=\\\"noreferrer noopener\\\">batterie plug and play<\\\/a>\\u00a0est la solution la plus simple \\u00e0 mettre en place. C'est l'un des usages les plus concrets et les plus rentables d'une batterie solaire pour un particulier.\"}}]}<\/script><div class=\"wp-block-uagb-faq-child uagb-faq-child__outer-wrap uagb-faq-item uagb-block-d35b29b4 \" role=\"tab\" tabindex=\"0\"><div class=\"uagb-faq-questions-button uagb-faq-questions\">\t\t\t<span class=\"uagb-icon uagb-faq-icon-wrap\">\n\t\t\t\t\t\t\t\t<svg xmlns=\"https:\/\/www.w3.org\/2000\/svg\" viewBox= \"0 0 384 512\"><path d=\"M192 384c-8.188 0-16.38-3.125-22.62-9.375l-160-160c-12.5-12.5-12.5-32.75 0-45.25s32.75-12.5 45.25 0L192 306.8l137.4-137.4c12.5-12.5 32.75-12.5 45.25 0s12.5 32.75 0 45.25l-160 160C208.4 380.9 200.2 384 192 384z\"><\/path><\/svg>\n\t\t\t\t\t\t\t<\/span>\n\t\t\t\t\t\t<span class=\"uagb-icon-active uagb-faq-icon-wrap\">\n\t\t\t\t\t\t\t\t<svg xmlns=\"https:\/\/www.w3.org\/2000\/svg\" viewBox= \"0 0 384 512\"><path d=\"M352 352c-8.188 0-16.38-3.125-22.62-9.375L192 205.3l-137.4 137.4c-12.5 12.5-32.75 12.5-45.25 0s-12.5-32.75 0-45.25l160-160c12.5-12.5 32.75-12.5 45.25 0l160 160c12.5 12.5 12.5 32.75 0 45.25C368.4 348.9 360.2 352 352 352z\"><\/path><\/svg>\n\t\t\t\t\t\t\t<\/span>\n\t\t\t<h3 class=\"uagb-question\">Ma box internet consomme-t-elle vraiment en veille ?<\/h3><\/div><div class=\"uagb-faq-content\"><p>La box n&rsquo;est jamais en veille au sens strict. Elle reste active en permanence pour maintenir votre r\u00e9seau Wi-Fi, recevoir des mises \u00e0 jour et g\u00e9rer le signal. Sa consommation r\u00e9elle est de\u00a0<strong>5 \u00e0 15 W en continu<\/strong>, soit 15 \u00e0 35 \u20ac par an selon le mod\u00e8le. L&rsquo;\u00e9teindre la nuit reste le geste le plus rentable pour r\u00e9duire cette d\u00e9pense.<\/p><\/div><\/div><div class=\"wp-block-uagb-faq-child uagb-faq-child__outer-wrap uagb-faq-item uagb-block-d1628785 \" role=\"tab\" tabindex=\"0\"><div class=\"uagb-faq-questions-button uagb-faq-questions\">\t\t\t<span class=\"uagb-icon uagb-faq-icon-wrap\">\n\t\t\t\t\t\t\t\t<svg xmlns=\"https:\/\/www.w3.org\/2000\/svg\" viewBox= \"0 0 384 512\"><path d=\"M192 384c-8.188 0-16.38-3.125-22.62-9.375l-160-160c-12.5-12.5-12.5-32.75 0-45.25s32.75-12.5 45.25 0L192 306.8l137.4-137.4c12.5-12.5 32.75-12.5 45.25 0s12.5 32.75 0 45.25l-160 160C208.4 380.9 200.2 384 192 384z\"><\/path><\/svg>\n\t\t\t\t\t\t\t<\/span>\n\t\t\t\t\t\t<span class=\"uagb-icon-active uagb-faq-icon-wrap\">\n\t\t\t\t\t\t\t\t<svg xmlns=\"https:\/\/www.w3.org\/2000\/svg\" viewBox= \"0 0 384 512\"><path d=\"M352 352c-8.188 0-16.38-3.125-22.62-9.375L192 205.3l-137.4 137.4c-12.5 12.5-32.75 12.5-45.25 0s-12.5-32.75 0-45.25l160-160c12.5-12.5 32.75-12.5 45.25 0l160 160c12.5 12.5 12.5 32.75 0 45.25C368.4 348.9 360.2 352 352 352z\"><\/path><\/svg>\n\t\t\t\t\t\t\t<\/span>\n\t\t\t<h3 class=\"uagb-question\">Faut-il d\u00e9brancher son chargeur de t\u00e9l\u00e9phone quand l&rsquo;appareil n&rsquo;est pas connect\u00e9 ?<\/h3><\/div><div class=\"uagb-faq-content\"><p>Oui. M\u00eame sans t\u00e9l\u00e9phone branch\u00e9, un chargeur consomme entre 0,1 et 2 W. Multipli\u00e9 par le nombre de chargeurs oubli\u00e9s dans les prises de votre maison, cela repr\u00e9sente quelques euros par an. Geste simple, imm\u00e9diat, sans co\u00fbt.<\/p><\/div><\/div><div class=\"wp-block-uagb-faq-child uagb-faq-child__outer-wrap uagb-faq-item uagb-block-ee7b9c8b \" role=\"tab\" tabindex=\"0\"><div class=\"uagb-faq-questions-button uagb-faq-questions\">\t\t\t<span class=\"uagb-icon uagb-faq-icon-wrap\">\n\t\t\t\t\t\t\t\t<svg xmlns=\"https:\/\/www.w3.org\/2000\/svg\" viewBox= \"0 0 384 512\"><path d=\"M192 384c-8.188 0-16.38-3.125-22.62-9.375l-160-160c-12.5-12.5-12.5-32.75 0-45.25s32.75-12.5 45.25 0L192 306.8l137.4-137.4c12.5-12.5 32.75-12.5 45.25 0s12.5 32.75 0 45.25l-160 160C208.4 380.9 200.2 384 192 384z\"><\/path><\/svg>\n\t\t\t\t\t\t\t<\/span>\n\t\t\t\t\t\t<span class=\"uagb-icon-active uagb-faq-icon-wrap\">\n\t\t\t\t\t\t\t\t<svg xmlns=\"https:\/\/www.w3.org\/2000\/svg\" viewBox= \"0 0 384 512\"><path d=\"M352 352c-8.188 0-16.38-3.125-22.62-9.375L192 205.3l-137.4 137.4c-12.5 12.5-32.75 12.5-45.25 0s-12.5-32.75 0-45.25l160-160c12.5-12.5 32.75-12.5 45.25 0l160 160c12.5 12.5 12.5 32.75 0 45.25C368.4 348.9 360.2 352 352 352z\"><\/path><\/svg>\n\t\t\t\t\t\t\t<\/span>\n\t\t\t<h3 class=\"uagb-question\">Comment savoir si mes appareils en veille me co\u00fbtent trop cher ?<\/h3><\/div><div class=\"uagb-faq-content\"><p>Deux m\u00e9thodes. Branchez un wattm\u00e8tre sur chaque prise pour mesurer la consommation r\u00e9elle, ou observez votre courbe Linky \u00e0 3h du matin. Si elle ne descend jamais en dessous de\u00a0<strong>200 \u00e0 400 W<\/strong>, vos veilles sont anormalement \u00e9lev\u00e9es.<\/p><\/div><\/div><div class=\"wp-block-uagb-faq-child uagb-faq-child__outer-wrap uagb-faq-item uagb-block-cfd85fb7 \" role=\"tab\" tabindex=\"0\"><div class=\"uagb-faq-questions-button uagb-faq-questions\">\t\t\t<span class=\"uagb-icon uagb-faq-icon-wrap\">\n\t\t\t\t\t\t\t\t<svg xmlns=\"https:\/\/www.w3.org\/2000\/svg\" viewBox= \"0 0 384 512\"><path d=\"M192 384c-8.188 0-16.38-3.125-22.62-9.375l-160-160c-12.5-12.5-12.5-32.75 0-45.25s32.75-12.5 45.25 0L192 306.8l137.4-137.4c12.5-12.5 32.75-12.5 45.25 0s12.5 32.75 0 45.25l-160 160C208.4 380.9 200.2 384 192 384z\"><\/path><\/svg>\n\t\t\t\t\t\t\t<\/span>\n\t\t\t\t\t\t<span class=\"uagb-icon-active uagb-faq-icon-wrap\">\n\t\t\t\t\t\t\t\t<svg xmlns=\"https:\/\/www.w3.org\/2000\/svg\" viewBox= \"0 0 384 512\"><path d=\"M352 352c-8.188 0-16.38-3.125-22.62-9.375L192 205.3l-137.4 137.4c-12.5 12.5-32.75 12.5-45.25 0s-12.5-32.75 0-45.25l160-160c12.5-12.5 32.75-12.5 45.25 0l160 160c12.5 12.5 12.5 32.75 0 45.25C368.4 348.9 360.2 352 352 352z\"><\/path><\/svg>\n\t\t\t\t\t\t\t<\/span>\n\t\t\t<h3 class=\"uagb-question\">Un kit solaire avec batterie peut-il couvrir mes appareils en veille la nuit ?<\/h3><\/div><div class=\"uagb-faq-content\"><p>Oui. La\u00a0<a href=\"https:\/\/www.monkitsolaire.fr\/212-batterie-solaire\" target=\"_blank\" rel=\"noreferrer noopener\">batterie solaire<\/a>\u00a0stocke l&rsquo;\u00e9nergie produite par vos panneaux en journ\u00e9e et l&rsquo;injecte automatiquement pour alimenter vos consommations nocturnes, veilles comprises. Pour une installation sans travaux, une\u00a0<a href=\"https:\/\/www.monkitsolaire.fr\/blog\/batterie-plug-and-play-solaire\" target=\"_blank\" rel=\"noreferrer noopener\">batterie plug and play<\/a>\u00a0est la solution la plus simple \u00e0 mettre en place. C&rsquo;est l&rsquo;un des usages les plus concrets et les plus rentables d&rsquo;une batterie solaire pour un particulier.<\/p><\/div><\/div><\/div><\/div>\n","protected":false},"excerpt":{"rendered":"<p>Votre t\u00e9l\u00e9vision est \u00e9teinte. Votre ordinateur aussi. La box clignote dans un coin depuis des heures. Et pourtant, entre 180 et 250 \u20ac partent chaque ann\u00e9e de votre facture sans que vous ayez allum\u00e9 quoi que ce soit. Ce sont vos appareils en veille. Une fuite silencieuse, permanente, que la plupart des foyers ne voient [&hellip;]<\/p>\n","protected":false},"author":9,"featured_media":52698,"comment_status":"open","ping_status":"open","sticky":false,"template":"","format":"standard","meta":{"om_disable_all_campaigns":false,"inline_featured_image":false,"_uag_custom_page_level_css":""},"categories":[116],"tags":[],"acf":[],"uagb_featured_image_src":{"full":["https:\/\/www.monkitsolaire.fr\/blog\/wp-content\/uploads\/2019\/09\/appareils-electrique-dans-le-foyer.jpg",1200,630,false],"thumbnail":["https:\/\/www.monkitsolaire.fr\/blog\/wp-content\/uploads\/2019\/09\/appareils-electrique-dans-le-foyer-150x150.jpg",150,150,true],"medium":["https:\/\/www.monkitsolaire.fr\/blog\/wp-content\/uploads\/2019\/09\/appareils-electrique-dans-le-foyer-300x158.jpg",300,158,true],"medium_large":["https:\/\/www.monkitsolaire.fr\/blog\/wp-content\/uploads\/2019\/09\/appareils-electrique-dans-le-foyer-768x403.jpg",768,403,true],"large":["https:\/\/www.monkitsolaire.fr\/blog\/wp-content\/uploads\/2019\/09\/appareils-electrique-dans-le-foyer-1024x538.jpg",800,420,true],"1536x1536":["https:\/\/www.monkitsolaire.fr\/blog\/wp-content\/uploads\/2019\/09\/appareils-electrique-dans-le-foyer.jpg",1200,630,false],"2048x2048":["https:\/\/www.monkitsolaire.fr\/blog\/wp-content\/uploads\/2019\/09\/appareils-electrique-dans-le-foyer.jpg",1200,630,false]},"uagb_author_info":{"display_name":"L'\u00e9quipe MonKitSolaire","author_link":"https:\/\/www.monkitsolaire.fr\/blog"},"uagb_comment_info":0,"uagb_excerpt":"Votre t\u00e9l\u00e9vision est \u00e9teinte. Votre ordinateur aussi. La box clignote dans un coin depuis des heures. Et pourtant, entre 180 et 250 \u20ac partent chaque ann\u00e9e de votre facture sans que vous ayez allum\u00e9 quoi que ce soit. Ce sont vos appareils en veille. Une fuite silencieuse, permanente, que la plupart des foyers ne voient\u2026","_links":{"self":[{"href":"https:\/\/www.monkitsolaire.fr\/blog\/wp-json\/wp\/v2\/posts\/24025"}],"collection":[{"href":"https:\/\/www.monkitsolaire.fr\/blog\/wp-json\/wp\/v2\/posts"}],"about":[{"href":"https:\/\/www.monkitsolaire.fr\/blog\/wp-json\/wp\/v2\/types\/post"}],"author":[{"embeddable":true,"href":"https:\/\/www.monkitsolaire.fr\/blog\/wp-json\/wp\/v2\/users\/9"}],"replies":[{"embeddable":true,"href":"https:\/\/www.monkitsolaire.fr\/blog\/wp-json\/wp\/v2\/comments?post=24025"}],"version-history":[{"count":13,"href":"https:\/\/www.monkitsolaire.fr\/blog\/wp-json\/wp\/v2\/posts\/24025\/revisions"}],"predecessor-version":[{"id":107231,"href":"https:\/\/www.monkitsolaire.fr\/blog\/wp-json\/wp\/v2\/posts\/24025\/revisions\/107231"}],"wp:featuredmedia":[{"embeddable":true,"href":"https:\/\/www.monkitsolaire.fr\/blog\/wp-json\/wp\/v2\/media\/52698"}],"wp:attachment":[{"href":"https:\/\/www.monkitsolaire.fr\/blog\/wp-json\/wp\/v2\/media?parent=24025"}],"wp:term":[{"taxonomy":"category","embeddable":true,"href":"https:\/\/www.monkitsolaire.fr\/blog\/wp-json\/wp\/v2\/categories?post=24025"},{"taxonomy":"post_tag","embeddable":true,"href":"https:\/\/www.monkitsolaire.fr\/blog\/wp-json\/wp\/v2\/tags?post=24025"}],"curies":[{"name":"wp","href":"https:\/\/api.w.org\/{rel}","templated":true}]}}